{"id":4665,"date":"2022-05-30T17:18:21","date_gmt":"2022-05-30T15:18:21","guid":{"rendered":"http:\/\/www.les.unina.it\/?p=4665"},"modified":"2023-09-26T11:29:22","modified_gmt":"2023-09-26T09:29:22","slug":"frazioni-e-pensiero-proporzionale","status":"publish","type":"post","link":"https:\/\/www.les.unina.it\/index.php\/2022\/05\/30\/frazioni-e-pensiero-proporzionale\/","title":{"rendered":"Frazioni e pensiero proporzionale"},"content":{"rendered":"\n<p class=\"has-medium-font-size\">La sperimentazione \u00e8 stata sviluppata nell\u2019ambito del progetto Educare con la Terza A del 69\u00b0 Circolo Didattico &#8220;Stefano Barbato&#8221; di Napoli con la docente Rosaria Di Marco. Il percorso \u00e8 stato sviluppato in 10 incontri da 2 ore. Tra un incontro e l&#8217;altro l&#8217;insegnante ha ripreso in classe i temi trattati. <\/p>\n\n\n\n<p class=\"has-medium-font-size\">Il ciclo di attivit\u00e0 proposto \u00e8 stato dedicato alla familiarizzazione con le frazioni e con il pensiero proporzionale in attivit\u00e0 sperimentali e di formalizzazione matematica in piccolo e in grande gruppo.<\/p>\n\n\n<div class=\"wp-block-image\">\n<figure class=\"aligncenter size-full is-resized\"><img loading=\"lazy\" decoding=\"async\" src=\"https:\/\/www.les.unina.it\/wp-content\/uploads\/2023\/09\/IMG_3122-1024x768-1.png\" alt=\"\" class=\"wp-image-5859\" style=\"width:562px;height:422px\" width=\"562\" height=\"422\" srcset=\"https:\/\/www.les.unina.it\/wp-content\/uploads\/2023\/09\/IMG_3122-1024x768-1.png 1024w, https:\/\/www.les.unina.it\/wp-content\/uploads\/2023\/09\/IMG_3122-1024x768-1-300x225.png 300w, https:\/\/www.les.unina.it\/wp-content\/uploads\/2023\/09\/IMG_3122-1024x768-1-768x576.png 768w\" sizes=\"auto, (max-width: 562px) 100vw, 562px\" \/><\/figure>\n<\/div>\n\n\n<h3 class=\"wp-block-heading\"><a href=\"http:\/\/www.les.unina.it\/?p=4700\">Dividere in parti<\/a> <\/h3>\n\n\n\n<h3 class=\"wp-block-heading\"><a href=\"http:\/\/www.les.unina.it\/?p=4676\">Organizzare in relazione d&#8217;ordine le parti<\/a><\/h3>\n\n\n\n<h3 class=\"wp-block-heading\"><a href=\"http:\/\/www.les.unina.it\/?p=4745\">Rappresentare le frazioni <\/a><\/h3>\n\n\n\n<h3 class=\"wp-block-heading\"><a href=\"http:\/\/www.les.unina.it\/?p=4691\">Lavorare con il pensiero proporzionale<\/a> <\/h3>\n\n\n\n<h3 class=\"wp-block-heading\"><a href=\"http:\/\/www.les.unina.it\/?p=4764\">Giocare con le carte: confronto tra le parti e il tutto<\/a><\/h3>\n\n\n\n<h3 class=\"wp-block-heading\">Considerazioni finali e problemi aperti<\/h3>\n\n\n\n<p><\/p>\n","protected":false},"excerpt":{"rendered":"<p>La sperimentazione \u00e8 stata sviluppata nell\u2019ambito del progetto Educare con la Terza A del 69\u00b0 Circolo Didattico &#8220;Stefano Barbato&#8221; di Napoli con la docente Rosaria Di Marco. Il percorso \u00e8 &#8230;<\/p>\n","protected":false},"author":1,"featured_media":0,"comment_status":"closed","ping_status":"open","sticky":false,"template":"","format":"standard","meta":{"footnotes":""},"categories":[1],"tags":[],"class_list":["post-4665","post","type-post","status-publish","format-standard","hentry","category-senza-categoria"],"_links":{"self":[{"href":"https:\/\/www.les.unina.it\/index.php\/wp-json\/wp\/v2\/posts\/4665","targetHints":{"allow":["GET"]}}],"collection":[{"href":"https:\/\/www.les.unina.it\/index.php\/wp-json\/wp\/v2\/posts"}],"about":[{"href":"https:\/\/www.les.unina.it\/index.php\/wp-json\/wp\/v2\/types\/post"}],"author":[{"embeddable":true,"href":"https:\/\/www.les.unina.it\/index.php\/wp-json\/wp\/v2\/users\/1"}],"replies":[{"embeddable":true,"href":"https:\/\/www.les.unina.it\/index.php\/wp-json\/wp\/v2\/comments?post=4665"}],"version-history":[{"count":2,"href":"https:\/\/www.les.unina.it\/index.php\/wp-json\/wp\/v2\/posts\/4665\/revisions"}],"predecessor-version":[{"id":5860,"href":"https:\/\/www.les.unina.it\/index.php\/wp-json\/wp\/v2\/posts\/4665\/revisions\/5860"}],"wp:attachment":[{"href":"https:\/\/www.les.unina.it\/index.php\/wp-json\/wp\/v2\/media?parent=4665"}],"wp:term":[{"taxonomy":"category","embeddable":true,"href":"https:\/\/www.les.unina.it\/index.php\/wp-json\/wp\/v2\/categories?post=4665"},{"taxonomy":"post_tag","embeddable":true,"href":"https:\/\/www.les.unina.it\/index.php\/wp-json\/wp\/v2\/tags?post=4665"}],"curies":[{"name":"wp","href":"https:\/\/api.w.org\/{rel}","templated":true}]}}